{"id":3945,"date":"2016-03-14T19:31:06","date_gmt":"2016-03-14T18:31:06","guid":{"rendered":"https:\/\/www.mauritz.de\/blog\/?p=3945"},"modified":"2016-03-14T19:37:59","modified_gmt":"2016-03-14T18:37:59","slug":"versandkosten-ab-14-03-2016","status":"publish","type":"post","link":"https:\/\/www.mauritz.de\/blog\/versandkosten-ab-14-03-2016\/","title":{"rendered":"Versandkosten ab 14.03.2016"},"content":{"rendered":"<div id=\"attachment_3947\" style=\"width: 410px\" class=\"wp-caption alignleft\"><a href=\"http:\/\/www.mauritz.de\/de\/versandkosten\"><img aria-describedby=\"caption-attachment-3947\" decoding=\"async\" class=\"size-small-feature wp-image-3947\" src=\"https:\/\/www.mauritz.de\/blog\/wp-content\/uploads\/2016\/03\/Sparen-Sie-Versandkosten-bei-mauritz-400x300.jpg\" alt=\"Sparen-Sie-Versandkosten-bei-mauritz\" width=\"400\" height=\"300\" srcset=\"https:\/\/www.mauritz.de\/blog\/wp-content\/uploads\/2016\/03\/Sparen-Sie-Versandkosten-bei-mauritz-400x300.jpg 400w, https:\/\/www.mauritz.de\/blog\/wp-content\/uploads\/2016\/03\/Sparen-Sie-Versandkosten-bei-mauritz-200x150.jpg 200w, https:\/\/www.mauritz.de\/blog\/wp-content\/uploads\/2016\/03\/Sparen-Sie-Versandkosten-bei-mauritz-444x333.jpg 444w, https:\/\/www.mauritz.de\/blog\/wp-content\/uploads\/2016\/03\/Sparen-Sie-Versandkosten-bei-mauritz-267x200.jpg 267w, https:\/\/www.mauritz.de\/blog\/wp-content\/uploads\/2016\/03\/Sparen-Sie-Versandkosten-bei-mauritz-384x288.jpg 384w, https:\/\/www.mauritz.de\/blog\/wp-content\/uploads\/2016\/03\/Sparen-Sie-Versandkosten-bei-mauritz.jpg 800w\" sizes=\"(max-width: 400px) 100vw, 400px\" \/><\/a><p id=\"caption-attachment-3947\" class=\"wp-caption-text\">Sparen-Sie-Versandkosten-bei-mauritz<\/p><\/div>\n<p>Versandkosten\u00a0ab 14.03.2016 &#8211;\u00a0nur f\u00fcr Bestellungen im Online-Shop <a href=\"http:\/\/www.mauritz.de\">mauritz.de<\/a> und nur f\u00fcr Lieferungen innerhalb von Deutschland &#8211; ge\u00e4ndert.<\/p>\n<p>Viele m\u00f6chten nur Kleinigkeiten kaufen und m\u00fcssen dann daf\u00fcr Porto von 4,70 Euro oder mehr bezahlen. Auch wenn zum 01.01.2016 die Portokosten enorm in die H\u00f6he geschnellt sind, gibt es immer noch M\u00f6glichkeiten, hier entsprechend entgegenzuwirken. Es steht n\u00e4mlich in keiner Relation, wenn Sie z.B. nur einen Beutel Kabelbinder oder dringend einen Meter Schrumpfschlauch ben\u00f6tigen, Kleinteile, die vielleicht 1 bis 2 Euro kosten und daf\u00fcr dann hohe Portokosten zahlen m\u00fcssen.<\/p>\n<p><!--more--><\/p>\n<p>So haben wir uns die Bestellungen und Zahlen des Vorjahres einmal n\u00e4her betrachtet, mit den Versandunternehmen verhandelt und kamen zu dem Ergebnis, die Versandkosten\u00a0ab 14.03.2016 f\u00fcr Bestellungen im Online-Shop unter <a href=\"http:\/\/www.mauritz.de\">mauritz.de<\/a> bis 65 Euro Warenwert f\u00fcr Lieferungen innerhalb von Deutschland auf 2,70 Euro zu senken.<br \/>\nAb 65 Euro Warenwert verschicken wir Bestellungen, die im Online-Shop unter <a href=\"http:\/\/www.mauritz.de\">mauritz.de<\/a>\u00a0get\u00e4tigt werden, sogar innerhalb von Deutschland versandkostenfrei.<\/p>\n<p>Bei dieser Neugestaltung und Umverteilung der Versandkosten kann es vorkommen, dass wir Kleinteile zuk\u00fcnftig per Briefpost verschicken, sofern dies sinnvoll und auch technisch m\u00f6glich ist. Hier ist die Rede von Kleinteilen geringen Wertes, denn nur wir k\u00f6nnen letztendlich entscheiden, passen diese Kleinteile in einen entsprechenden Briefumschlag oder nicht.<\/p>\n<p>Wir hoffen, dass Sie von diesem angepassten Service, ein Entgegenkommen von uns, regen Gebrauch machen werden und freuen uns auf Ihre\u00a0Bestellungen in unserem Online-Shop <a href=\"http:\/\/www.mauritz.de\">mauritz.de<\/a>.<\/p>\n<p>Ihr Team von Mauritz Communication &amp; Electronics ist bereit.<br \/>\nWenn Sie Fragen haben sollten, dann scheuen Sie sich bitte nicht uns <a href=\"http:\/\/www.mauritz.de\/de\/content?coID=6\">anzuschreiben<\/a> oder eher noch besser, uns anzurufen oder eine R\u00fcckrufnummer in Ihrem <a href=\"http:\/\/www.mauritz.de\/de\/content?coID=6\">Anschreiben<\/a> zu hinterlassen.<br \/>\nWir sind ein Team von Fachleuten, jeder hat sein spezielles Fachgebiet und ber\u00e4t Sie gerne, bevor\u00a0Sie vielleicht etwas falsches bestellen.<br \/>\nAuch das geh\u00f6rt zu unserem Service, ist kostenlos und unverbindlich.<\/p>\n","protected":false},"excerpt":{"rendered":"<p>Versandkosten ab 14.03.2016 &#8211; nur f\u00fcr Bestellungen im Online-Shop mauritz.de und nur f\u00fcr Lieferungen innerhalb von Deutschland &#8211; ge\u00e4ndert. <a href=\"https:\/\/www.mauritz.de\/blog\/versandkosten-ab-14-03-2016\/\">Weiterlesen <span class=\"meta-nav\">&rarr;<\/span><\/a><\/p>\n","protected":false},"author":2,"featured_media":0,"comment_status":"open","ping_status":"open","sticky":false,"template":"","format":"standard","meta":[],"categories":[1],"tags":[1030,1031,1029,973,968,977],"yoast_head":"<!-- This site is optimized with the Yoast SEO plugin v20.12 - https:\/\/yoast.com\/wordpress\/plugins\/seo\/ -->\n<title>Versandkosten ab 14.03.2016 - News - Mauritz<\/title>\n<meta name=\"description\" content=\"Versandkosten ab 14.03.2016 - nur f\u00fcr Bestellungen im Online-Shop mauritz.de und nur f\u00fcr Lieferungen innerhalb von Deutschland - ge\u00e4ndert.\" \/>\n<meta name=\"robots\" content=\"index, follow, max-snippet:-1, max-image-preview:large, max-video-preview:-1\" \/>\n<link rel=\"canonical\" href=\"https:\/\/www.mauritz.de\/blog\/versandkosten-ab-14-03-2016\/\" \/>\n<meta name=\"twitter:label1\" content=\"Verfasst von\" \/>\n\t<meta name=\"twitter:data1\" content=\"Gerhard Mauritz\" \/>\n\t<meta name=\"twitter:label2\" content=\"Gesch\u00e4tzte Lesezeit\" \/>\n\t<meta name=\"twitter:data2\" content=\"2\u00a0Minuten\" \/>\n<script type=\"application\/ld+json\" class=\"yoast-schema-graph\">{\"@context\":\"https:\/\/schema.org\",\"@graph\":[{\"@type\":\"WebPage\",\"@id\":\"https:\/\/www.mauritz.de\/blog\/versandkosten-ab-14-03-2016\/\",\"url\":\"https:\/\/www.mauritz.de\/blog\/versandkosten-ab-14-03-2016\/\",\"name\":\"Versandkosten ab 14.03.2016 - News - Mauritz\",\"isPartOf\":{\"@id\":\"https:\/\/www.mauritz.de\/blog\/#website\"},\"datePublished\":\"2016-03-14T18:31:06+00:00\",\"dateModified\":\"2016-03-14T18:37:59+00:00\",\"author\":{\"@id\":\"https:\/\/www.mauritz.de\/blog\/#\/schema\/person\/bf9f1de5199065840478999bc949484a\"},\"description\":\"Versandkosten ab 14.03.2016 - nur f\u00fcr Bestellungen im Online-Shop mauritz.de und nur f\u00fcr Lieferungen innerhalb von Deutschland - ge\u00e4ndert.\",\"breadcrumb\":{\"@id\":\"https:\/\/www.mauritz.de\/blog\/versandkosten-ab-14-03-2016\/#breadcrumb\"},\"inLanguage\":\"de\",\"potentialAction\":[{\"@type\":\"ReadAction\",\"target\":[\"https:\/\/www.mauritz.de\/blog\/versandkosten-ab-14-03-2016\/\"]}]},{\"@type\":\"BreadcrumbList\",\"@id\":\"https:\/\/www.mauritz.de\/blog\/versandkosten-ab-14-03-2016\/#breadcrumb\",\"itemListElement\":[{\"@type\":\"ListItem\",\"position\":1,\"name\":\"Startseite\",\"item\":\"https:\/\/www.mauritz.de\/blog\/\"},{\"@type\":\"ListItem\",\"position\":2,\"name\":\"Versandkosten ab 14.03.2016\"}]},{\"@type\":\"WebSite\",\"@id\":\"https:\/\/www.mauritz.de\/blog\/#website\",\"url\":\"https:\/\/www.mauritz.de\/blog\/\",\"name\":\"Mauritz\",\"description\":\"Kabelkonfektion Steckverbinder Schrumpfschlauch Kabelbinder\",\"potentialAction\":[{\"@type\":\"SearchAction\",\"target\":{\"@type\":\"EntryPoint\",\"urlTemplate\":\"https:\/\/www.mauritz.de\/blog\/?s={search_term_string}\"},\"query-input\":\"required name=search_term_string\"}],\"inLanguage\":\"de\"},{\"@type\":\"Person\",\"@id\":\"https:\/\/www.mauritz.de\/blog\/#\/schema\/person\/bf9f1de5199065840478999bc949484a\",\"name\":\"Gerhard Mauritz\",\"image\":{\"@type\":\"ImageObject\",\"inLanguage\":\"de\",\"@id\":\"https:\/\/www.mauritz.de\/blog\/#\/schema\/person\/image\/\",\"url\":\"https:\/\/www.mauritz.de\/blog\/wp-content\/litespeed\/avatar\/ac454cb4bb35cfc949ba11db959d3857.jpg?ver=1777326513\",\"contentUrl\":\"https:\/\/www.mauritz.de\/blog\/wp-content\/litespeed\/avatar\/ac454cb4bb35cfc949ba11db959d3857.jpg?ver=1777326513\",\"caption\":\"Gerhard Mauritz\"},\"sameAs\":[\"http:\/\/www.mauritz.de\/blog\/\"]}]}<\/script>\n<!-- \/ Yoast SEO plugin. -->","yoast_head_json":{"title":"Versandkosten ab 14.03.2016 - News - Mauritz","description":"Versandkosten ab 14.03.2016 - nur f\u00fcr Bestellungen im Online-Shop mauritz.de und nur f\u00fcr Lieferungen innerhalb von Deutschland - ge\u00e4ndert.","robots":{"index":"index","follow":"follow","max-snippet":"max-snippet:-1","max-image-preview":"max-image-preview:large","max-video-preview":"max-video-preview:-1"},"canonical":"https:\/\/www.mauritz.de\/blog\/versandkosten-ab-14-03-2016\/","twitter_misc":{"Verfasst von":"Gerhard Mauritz","Gesch\u00e4tzte Lesezeit":"2\u00a0Minuten"},"schema":{"@context":"https:\/\/schema.org","@graph":[{"@type":"WebPage","@id":"https:\/\/www.mauritz.de\/blog\/versandkosten-ab-14-03-2016\/","url":"https:\/\/www.mauritz.de\/blog\/versandkosten-ab-14-03-2016\/","name":"Versandkosten ab 14.03.2016 - News - Mauritz","isPartOf":{"@id":"https:\/\/www.mauritz.de\/blog\/#website"},"datePublished":"2016-03-14T18:31:06+00:00","dateModified":"2016-03-14T18:37:59+00:00","author":{"@id":"https:\/\/www.mauritz.de\/blog\/#\/schema\/person\/bf9f1de5199065840478999bc949484a"},"description":"Versandkosten ab 14.03.2016 - nur f\u00fcr Bestellungen im Online-Shop mauritz.de und nur f\u00fcr Lieferungen innerhalb von Deutschland - ge\u00e4ndert.","breadcrumb":{"@id":"https:\/\/www.mauritz.de\/blog\/versandkosten-ab-14-03-2016\/#breadcrumb"},"inLanguage":"de","potentialAction":[{"@type":"ReadAction","target":["https:\/\/www.mauritz.de\/blog\/versandkosten-ab-14-03-2016\/"]}]},{"@type":"BreadcrumbList","@id":"https:\/\/www.mauritz.de\/blog\/versandkosten-ab-14-03-2016\/#breadcrumb","itemListElement":[{"@type":"ListItem","position":1,"name":"Startseite","item":"https:\/\/www.mauritz.de\/blog\/"},{"@type":"ListItem","position":2,"name":"Versandkosten ab 14.03.2016"}]},{"@type":"WebSite","@id":"https:\/\/www.mauritz.de\/blog\/#website","url":"https:\/\/www.mauritz.de\/blog\/","name":"Mauritz","description":"Kabelkonfektion Steckverbinder Schrumpfschlauch Kabelbinder","potentialAction":[{"@type":"SearchAction","target":{"@type":"EntryPoint","urlTemplate":"https:\/\/www.mauritz.de\/blog\/?s={search_term_string}"},"query-input":"required name=search_term_string"}],"inLanguage":"de"},{"@type":"Person","@id":"https:\/\/www.mauritz.de\/blog\/#\/schema\/person\/bf9f1de5199065840478999bc949484a","name":"Gerhard Mauritz","image":{"@type":"ImageObject","inLanguage":"de","@id":"https:\/\/www.mauritz.de\/blog\/#\/schema\/person\/image\/","url":"https:\/\/www.mauritz.de\/blog\/wp-content\/litespeed\/avatar\/ac454cb4bb35cfc949ba11db959d3857.jpg?ver=1777326513","contentUrl":"https:\/\/www.mauritz.de\/blog\/wp-content\/litespeed\/avatar\/ac454cb4bb35cfc949ba11db959d3857.jpg?ver=1777326513","caption":"Gerhard Mauritz"},"sameAs":["http:\/\/www.mauritz.de\/blog\/"]}]}},"_links":{"self":[{"href":"https:\/\/www.mauritz.de\/blog\/wp-json\/wp\/v2\/posts\/3945"}],"collection":[{"href":"https:\/\/www.mauritz.de\/blog\/wp-json\/wp\/v2\/posts"}],"about":[{"href":"https:\/\/www.mauritz.de\/blog\/wp-json\/wp\/v2\/types\/post"}],"author":[{"embeddable":true,"href":"https:\/\/www.mauritz.de\/blog\/wp-json\/wp\/v2\/users\/2"}],"replies":[{"embeddable":true,"href":"https:\/\/www.mauritz.de\/blog\/wp-json\/wp\/v2\/comments?post=3945"}],"version-history":[{"count":5,"href":"https:\/\/www.mauritz.de\/blog\/wp-json\/wp\/v2\/posts\/3945\/revisions"}],"predecessor-version":[{"id":3951,"href":"https:\/\/www.mauritz.de\/blog\/wp-json\/wp\/v2\/posts\/3945\/revisions\/3951"}],"wp:attachment":[{"href":"https:\/\/www.mauritz.de\/blog\/wp-json\/wp\/v2\/media?parent=3945"}],"wp:term":[{"taxonomy":"category","embeddable":true,"href":"https:\/\/www.mauritz.de\/blog\/wp-json\/wp\/v2\/categories?post=3945"},{"taxonomy":"post_tag","embeddable":true,"href":"https:\/\/www.mauritz.de\/blog\/wp-json\/wp\/v2\/tags?post=3945"}],"curies":[{"name":"wp","href":"https:\/\/api.w.org\/{rel}","templated":true}]}}