{"id":3727,"date":"2015-12-30T19:02:04","date_gmt":"2015-12-30T18:02:04","guid":{"rendered":"https:\/\/www.mauritz.de\/blog\/?p=3727"},"modified":"2016-03-14T15:08:02","modified_gmt":"2016-03-14T14:08:02","slug":"versandkosten-ab-01-01-2016","status":"publish","type":"post","link":"https:\/\/www.mauritz.de\/blog\/versandkosten-ab-01-01-2016\/","title":{"rendered":"Versandkosten ab 01.01.2016"},"content":{"rendered":"<div id=\"attachment_3062\" style=\"width: 160px\" class=\"wp-caption alignleft\"><a href=\"http:\/\/www.mauritz.de\/de\/versandkosten\" rel=\"attachment wp-att-3062\"><img aria-describedby=\"caption-attachment-3062\" decoding=\"async\" class=\"size-thumbnail wp-image-3062\" src=\"https:\/\/www.mauritz.de\/blog\/wp-content\/uploads\/2013\/06\/1EURO-150x150.jpg\" alt=\"Versandkosten ab 01.01.2016\" width=\"150\" height=\"150\" \/><\/a><p id=\"caption-attachment-3062\" class=\"wp-caption-text\">Versandkosten ab 01.01.2016<\/p><\/div>\n<h2>Neue\u00a0Versandkosten ab 01.01.2016<\/h2>\n<p>Nicht nur <strong>DHL<\/strong> sondern auch andere Paketdienste wie <strong>GLS<\/strong> erh\u00f6hen ab 01.01.2016 ihre Zustellungskosten. Die Briefgeb\u00fchren steigen zum gleichen Zeitpunkt ebenfalls um drastische <strong>13 Prozent<\/strong>. Nachdem wir bereits die beiden letzten Preiserh\u00f6hungen der Bef\u00f6rderungsdienste auf unsere Kappe genommen haben, sehen wir uns jetzt leider gezwungen, diese stetigen Preiserh\u00f6hungen an Sie weiterzugeben.<\/p>\n<p>Unsere bisherigen Versandkosten f\u00fcr Bestellungen in unserem Online-Shop waren ohnehin schon immer sehr weit unten angesiedelt. Wir hatten bisher auch niemals einen Mindestbestellwert. Und ab 50 Euro Warenwert haben wir bisher sogar versandkostenfrei geliefert. In der ersten Woche des neuen Jahres 2016 werden wir unsere bisherigen Versandmodalit\u00e4ten vollst\u00e4ndig reformieren, sowohl f\u00fcr Bestellungen in unserem Online-Shop als auch f\u00fcr Lieferungen, die nicht \u00fcber unseren Online-Katalog erfolgen.<\/p>\n<p><!--more--><\/p>\n<p>Dass Sie bereits ab dem ersten Cent bei uns ohne jede Zusatzkosten bestellen k\u00f6nnen, werden wir beibehalten. Bei Zahlungen per PayPal oder Sofort \u00dcberweisung werden wir auch zuk\u00fcnftig keine Kosten in Rechnung stellen. Auch die Verpackung wird bei uns weiterhin nicht berechnet werden, auch wenn wir diese bisher niemals umsonst bekommen haben. Bearbeitungsgeb\u00fchren, um Ihre Bestellung zu bearbeiten und versandfertig zumachen, wird es bei uns auch weiterhin nicht geben.<br \/>\n<strong>Daher sollten Sie dies\u00a0auch als\u00a0Service von Mauritz.de\u00a0anerkennen.\u00a0\u00a0<\/strong><\/p>\n<p>Allerdings steht fest, dass wir ab <strong>01.01.2016<\/strong> die Versandkosten f\u00fcr jede Paket-Lieferung innerhalb von Deutschland auf 4,70 Euro je Paket erh\u00f6hen m\u00fcssen.<\/p>\n<p>F\u00fcr Lieferungen innerhalb der EU sowie einige weitere L\u00e4nder au\u00dferhalb der EU wird zuk\u00fcnftig eine Flatrate pro Paket eingef\u00fchrt, deren Kosten sich nur noch nach der jeweiligen Versandzone richtet.<br \/>\nDiese Versandzonen sind von unseren Logistikpartnern vorgegeben.<\/p>\n<h2><span style=\"text-decoration: underline;\"><strong>Update &#8211; 14.03.2016<\/strong><\/span><\/h2>\n<p>Die Versandkosten f\u00fcr Lieferungen innerhalb von Deutschland konnten f\u00fcr Bestellungen in unserem Online-Shop <strong>mauritz.de<\/strong> wie folgt ge\u00e4ndert ge\u00e4ndert werden:<\/p>\n<p>Bis zu einem Warenwert von <strong>64,99 EUR<\/strong> zahlen Sie nur noch <strong><span style=\"color: #ff0000;\">2,70 EUR<\/span><\/strong>.<br \/>\n<strong>Ab 65,00 EUR<\/strong> Warenwert liefern wir versandkostenfrei.<\/p>\n","protected":false},"excerpt":{"rendered":"<p>Neue\u00a0Versandkosten ab 01.01.2016 Nicht nur DHL sondern auch andere Paketdienste wie GLS erh\u00f6hen ab 01.01.2016 ihre Zustellungskosten. Die Briefgeb\u00fchren steigen zum gleichen Zeitpunkt ebenfalls um drastische 13 Prozent. Nachdem wir bereits die beiden letzten Preiserh\u00f6hungen der Bef\u00f6rderungsdienste auf unsere Kappe &hellip; <a href=\"https:\/\/www.mauritz.de\/blog\/versandkosten-ab-01-01-2016\/\">Weiterlesen <span class=\"meta-nav\">&rarr;<\/span><\/a><\/p>\n","protected":false},"author":2,"featured_media":0,"comment_status":"open","ping_status":"open","sticky":false,"template":"","format":"standard","meta":[],"categories":[1],"tags":[972,969,974,975,971,976,970,973,968,977],"yoast_head":"<!-- This site is optimized with the Yoast SEO plugin v20.12 - https:\/\/yoast.com\/wordpress\/plugins\/seo\/ -->\n<title>Versandkosten ab 01.01.2016 - News - Mauritz<\/title>\n<meta name=\"description\" content=\"Neue Versandkosten in unserem Online-Shop ab 01.01.2016.\u00a0\" \/>\n<meta name=\"robots\" content=\"index, follow, max-snippet:-1, max-image-preview:large, max-video-preview:-1\" \/>\n<link rel=\"canonical\" href=\"https:\/\/www.mauritz.de\/blog\/versandkosten-ab-01-01-2016\/\" \/>\n<meta name=\"twitter:label1\" content=\"Verfasst von\" \/>\n\t<meta name=\"twitter:data1\" content=\"Gerhard Mauritz\" \/>\n\t<meta name=\"twitter:label2\" content=\"Gesch\u00e4tzte Lesezeit\" \/>\n\t<meta name=\"twitter:data2\" content=\"2\u00a0Minuten\" \/>\n<script type=\"application\/ld+json\" class=\"yoast-schema-graph\">{\"@context\":\"https:\/\/schema.org\",\"@graph\":[{\"@type\":\"WebPage\",\"@id\":\"https:\/\/www.mauritz.de\/blog\/versandkosten-ab-01-01-2016\/\",\"url\":\"https:\/\/www.mauritz.de\/blog\/versandkosten-ab-01-01-2016\/\",\"name\":\"Versandkosten ab 01.01.2016 - News - Mauritz\",\"isPartOf\":{\"@id\":\"https:\/\/www.mauritz.de\/blog\/#website\"},\"datePublished\":\"2015-12-30T18:02:04+00:00\",\"dateModified\":\"2016-03-14T14:08:02+00:00\",\"author\":{\"@id\":\"https:\/\/www.mauritz.de\/blog\/#\/schema\/person\/bf9f1de5199065840478999bc949484a\"},\"description\":\"Neue Versandkosten in unserem Online-Shop ab 01.01.2016.\u00a0\",\"breadcrumb\":{\"@id\":\"https:\/\/www.mauritz.de\/blog\/versandkosten-ab-01-01-2016\/#breadcrumb\"},\"inLanguage\":\"de\",\"potentialAction\":[{\"@type\":\"ReadAction\",\"target\":[\"https:\/\/www.mauritz.de\/blog\/versandkosten-ab-01-01-2016\/\"]}]},{\"@type\":\"BreadcrumbList\",\"@id\":\"https:\/\/www.mauritz.de\/blog\/versandkosten-ab-01-01-2016\/#breadcrumb\",\"itemListElement\":[{\"@type\":\"ListItem\",\"position\":1,\"name\":\"Startseite\",\"item\":\"https:\/\/www.mauritz.de\/blog\/\"},{\"@type\":\"ListItem\",\"position\":2,\"name\":\"Versandkosten ab 01.01.2016\"}]},{\"@type\":\"WebSite\",\"@id\":\"https:\/\/www.mauritz.de\/blog\/#website\",\"url\":\"https:\/\/www.mauritz.de\/blog\/\",\"name\":\"Mauritz\",\"description\":\"Kabelkonfektion Steckverbinder Schrumpfschlauch Kabelbinder\",\"potentialAction\":[{\"@type\":\"SearchAction\",\"target\":{\"@type\":\"EntryPoint\",\"urlTemplate\":\"https:\/\/www.mauritz.de\/blog\/?s={search_term_string}\"},\"query-input\":\"required name=search_term_string\"}],\"inLanguage\":\"de\"},{\"@type\":\"Person\",\"@id\":\"https:\/\/www.mauritz.de\/blog\/#\/schema\/person\/bf9f1de5199065840478999bc949484a\",\"name\":\"Gerhard Mauritz\",\"image\":{\"@type\":\"ImageObject\",\"inLanguage\":\"de\",\"@id\":\"https:\/\/www.mauritz.de\/blog\/#\/schema\/person\/image\/\",\"url\":\"https:\/\/www.mauritz.de\/blog\/wp-content\/litespeed\/avatar\/ac454cb4bb35cfc949ba11db959d3857.jpg?ver=1777326513\",\"contentUrl\":\"https:\/\/www.mauritz.de\/blog\/wp-content\/litespeed\/avatar\/ac454cb4bb35cfc949ba11db959d3857.jpg?ver=1777326513\",\"caption\":\"Gerhard Mauritz\"},\"sameAs\":[\"http:\/\/www.mauritz.de\/blog\/\"]}]}<\/script>\n<!-- \/ Yoast SEO plugin. -->","yoast_head_json":{"title":"Versandkosten ab 01.01.2016 - News - Mauritz","description":"Neue Versandkosten in unserem Online-Shop ab 01.01.2016.\u00a0","robots":{"index":"index","follow":"follow","max-snippet":"max-snippet:-1","max-image-preview":"max-image-preview:large","max-video-preview":"max-video-preview:-1"},"canonical":"https:\/\/www.mauritz.de\/blog\/versandkosten-ab-01-01-2016\/","twitter_misc":{"Verfasst von":"Gerhard Mauritz","Gesch\u00e4tzte Lesezeit":"2\u00a0Minuten"},"schema":{"@context":"https:\/\/schema.org","@graph":[{"@type":"WebPage","@id":"https:\/\/www.mauritz.de\/blog\/versandkosten-ab-01-01-2016\/","url":"https:\/\/www.mauritz.de\/blog\/versandkosten-ab-01-01-2016\/","name":"Versandkosten ab 01.01.2016 - News - Mauritz","isPartOf":{"@id":"https:\/\/www.mauritz.de\/blog\/#website"},"datePublished":"2015-12-30T18:02:04+00:00","dateModified":"2016-03-14T14:08:02+00:00","author":{"@id":"https:\/\/www.mauritz.de\/blog\/#\/schema\/person\/bf9f1de5199065840478999bc949484a"},"description":"Neue Versandkosten in unserem Online-Shop ab 01.01.2016.\u00a0","breadcrumb":{"@id":"https:\/\/www.mauritz.de\/blog\/versandkosten-ab-01-01-2016\/#breadcrumb"},"inLanguage":"de","potentialAction":[{"@type":"ReadAction","target":["https:\/\/www.mauritz.de\/blog\/versandkosten-ab-01-01-2016\/"]}]},{"@type":"BreadcrumbList","@id":"https:\/\/www.mauritz.de\/blog\/versandkosten-ab-01-01-2016\/#breadcrumb","itemListElement":[{"@type":"ListItem","position":1,"name":"Startseite","item":"https:\/\/www.mauritz.de\/blog\/"},{"@type":"ListItem","position":2,"name":"Versandkosten ab 01.01.2016"}]},{"@type":"WebSite","@id":"https:\/\/www.mauritz.de\/blog\/#website","url":"https:\/\/www.mauritz.de\/blog\/","name":"Mauritz","description":"Kabelkonfektion Steckverbinder Schrumpfschlauch Kabelbinder","potentialAction":[{"@type":"SearchAction","target":{"@type":"EntryPoint","urlTemplate":"https:\/\/www.mauritz.de\/blog\/?s={search_term_string}"},"query-input":"required name=search_term_string"}],"inLanguage":"de"},{"@type":"Person","@id":"https:\/\/www.mauritz.de\/blog\/#\/schema\/person\/bf9f1de5199065840478999bc949484a","name":"Gerhard Mauritz","image":{"@type":"ImageObject","inLanguage":"de","@id":"https:\/\/www.mauritz.de\/blog\/#\/schema\/person\/image\/","url":"https:\/\/www.mauritz.de\/blog\/wp-content\/litespeed\/avatar\/ac454cb4bb35cfc949ba11db959d3857.jpg?ver=1777326513","contentUrl":"https:\/\/www.mauritz.de\/blog\/wp-content\/litespeed\/avatar\/ac454cb4bb35cfc949ba11db959d3857.jpg?ver=1777326513","caption":"Gerhard Mauritz"},"sameAs":["http:\/\/www.mauritz.de\/blog\/"]}]}},"_links":{"self":[{"href":"https:\/\/www.mauritz.de\/blog\/wp-json\/wp\/v2\/posts\/3727"}],"collection":[{"href":"https:\/\/www.mauritz.de\/blog\/wp-json\/wp\/v2\/posts"}],"about":[{"href":"https:\/\/www.mauritz.de\/blog\/wp-json\/wp\/v2\/types\/post"}],"author":[{"embeddable":true,"href":"https:\/\/www.mauritz.de\/blog\/wp-json\/wp\/v2\/users\/2"}],"replies":[{"embeddable":true,"href":"https:\/\/www.mauritz.de\/blog\/wp-json\/wp\/v2\/comments?post=3727"}],"version-history":[{"count":15,"href":"https:\/\/www.mauritz.de\/blog\/wp-json\/wp\/v2\/posts\/3727\/revisions"}],"predecessor-version":[{"id":3944,"href":"https:\/\/www.mauritz.de\/blog\/wp-json\/wp\/v2\/posts\/3727\/revisions\/3944"}],"wp:attachment":[{"href":"https:\/\/www.mauritz.de\/blog\/wp-json\/wp\/v2\/media?parent=3727"}],"wp:term":[{"taxonomy":"category","embeddable":true,"href":"https:\/\/www.mauritz.de\/blog\/wp-json\/wp\/v2\/categories?post=3727"},{"taxonomy":"post_tag","embeddable":true,"href":"https:\/\/www.mauritz.de\/blog\/wp-json\/wp\/v2\/tags?post=3727"}],"curies":[{"name":"wp","href":"https:\/\/api.w.org\/{rel}","templated":true}]}}