{"id":2476,"date":"2012-02-02T17:32:35","date_gmt":"2012-02-02T17:32:35","guid":{"rendered":"https:\/\/www.mauritz.de\/blog\/?p=2476"},"modified":"2015-12-30T13:30:30","modified_gmt":"2015-12-30T12:30:30","slug":"fakra-steckverbinder","status":"publish","type":"post","link":"https:\/\/www.mauritz.de\/blog\/fakra-steckverbinder\/","title":{"rendered":"FAKRA Steckverbinder"},"content":{"rendered":"<div id=\"attachment_2487\" style=\"width: 160px\" class=\"wp-caption alignright\"><a href=\"https:\/\/www.mauritz.de\/blog\/wp-content\/uploads\/2012\/02\/FAKRA.jpg\"><img aria-describedby=\"caption-attachment-2487\" decoding=\"async\" class=\"wp-image-2487 size-thumbnail\" title=\"FAKRA Steckverbinder\" src=\"https:\/\/www.mauritz.de\/blog\/wp-content\/uploads\/2012\/02\/FAKRA-150x150.jpg\" alt=\"FAKRA Steckverbinder f\u00fcr die Automobilindustrie - Automotive\" width=\"150\" height=\"150\" srcset=\"https:\/\/www.mauritz.de\/blog\/wp-content\/uploads\/2012\/02\/FAKRA-150x150.jpg 150w, https:\/\/www.mauritz.de\/blog\/wp-content\/uploads\/2012\/02\/FAKRA-300x300.jpg 300w, https:\/\/www.mauritz.de\/blog\/wp-content\/uploads\/2012\/02\/FAKRA.jpg 750w\" sizes=\"(max-width: 150px) 100vw, 150px\" \/><\/a><p id=\"caption-attachment-2487\" class=\"wp-caption-text\">FAKRA Kabelbuchse ohne Codierung f\u00fcr Koaxialkabel wie RG 58, RG 223 und RG 174<\/p><\/div>\n<p><strong>FAKRA Steckverbinder<\/strong> werden zunehmend in der Automobilindustrie eingesetzt. \u00a0<strong>FAKRA Steckverbinder<\/strong> sind codiert und international genormt. Eine \u00dcbersicht der [download id=&#8220;38&#8243;] steht als PDF zum Download bereit. Mit Hilfe dieser <strong>FAKRA \u00dcbersicht<\/strong> erkennen Sie schnell, welchen <strong>FAKRA Steckverbinder<\/strong> Sie ben\u00f6tigen. Wir liefern <strong>FAKRA Steckverbinder<\/strong> f\u00fcr GPS, GSM und Autoradio und zwar f\u00fcr Koaxialkabel wie RG 58, RG 223 und RG 174 sowie \u00e4hnliche Koaxialkabel mit vergleichbaren Abmessungen. Ebenso finden Sie bei uns <strong>FAKRA Stecker<\/strong> und <strong>FAKRA Buchsen<\/strong> f\u00fcr die drei genannten Anwendungen. Selbstverst\u00e4ndlich fertigen wir auch Koaxialkabel in Ihrer Wunschl\u00e4nge mit <strong>FAKRA Steckverbindern<\/strong> und dem passenden Gegenst\u00fcck an, weil es bei der Anwendungsvielfalt keine Standardl\u00e4nge gibt. Fragen Sie unverbindlich bei uns an.<\/p>\n","protected":false},"excerpt":{"rendered":"<p>FAKRA Steckverbinder werden zunehmend in der Automobilindustrie eingesetzt. \u00a0FAKRA Steckverbinder sind codiert und international genormt. Eine \u00dcbersicht der [download id=&#8220;38&#8243;] steht als PDF zum Download bereit. Mit Hilfe dieser FAKRA \u00dcbersicht erkennen Sie schnell, welchen FAKRA Steckverbinder Sie ben\u00f6tigen. Wir &hellip; <a href=\"https:\/\/www.mauritz.de\/blog\/fakra-steckverbinder\/\">Weiterlesen <span class=\"meta-nav\">&rarr;<\/span><\/a><\/p>\n","protected":false},"author":2,"featured_media":0,"comment_status":"open","ping_status":"open","sticky":false,"template":"","format":"standard","meta":[],"categories":[19,8],"tags":[754,749,751,758,759,750,748,760,752,753,757,756,755],"yoast_head":"<!-- This site is optimized with the Yoast SEO plugin v20.12 - https:\/\/yoast.com\/wordpress\/plugins\/seo\/ -->\n<title>FAKRA Steckverbinder<\/title>\n<meta name=\"description\" content=\"FAKRA Steckverbinder als FAKRA Stecker und FAKRA Buchse f\u00fcr Koaxialkabel wie RG 58, RG 223 und RG 174\" \/>\n<meta name=\"robots\" content=\"index, follow, max-snippet:-1, max-image-preview:large, max-video-preview:-1\" \/>\n<link rel=\"canonical\" href=\"https:\/\/www.mauritz.de\/blog\/fakra-steckverbinder\/\" \/>\n<meta name=\"twitter:label1\" content=\"Verfasst von\" \/>\n\t<meta name=\"twitter:data1\" content=\"Gerhard Mauritz\" \/>\n\t<meta name=\"twitter:label2\" content=\"Gesch\u00e4tzte Lesezeit\" \/>\n\t<meta name=\"twitter:data2\" content=\"1\u00a0Minute\" \/>\n<script type=\"application\/ld+json\" class=\"yoast-schema-graph\">{\"@context\":\"https:\/\/schema.org\",\"@graph\":[{\"@type\":\"WebPage\",\"@id\":\"https:\/\/www.mauritz.de\/blog\/fakra-steckverbinder\/\",\"url\":\"https:\/\/www.mauritz.de\/blog\/fakra-steckverbinder\/\",\"name\":\"FAKRA Steckverbinder\",\"isPartOf\":{\"@id\":\"https:\/\/www.mauritz.de\/blog\/#website\"},\"datePublished\":\"2012-02-02T17:32:35+00:00\",\"dateModified\":\"2015-12-30T12:30:30+00:00\",\"author\":{\"@id\":\"https:\/\/www.mauritz.de\/blog\/#\/schema\/person\/bf9f1de5199065840478999bc949484a\"},\"description\":\"FAKRA Steckverbinder als FAKRA Stecker und FAKRA Buchse f\u00fcr Koaxialkabel wie RG 58, RG 223 und RG 174\",\"breadcrumb\":{\"@id\":\"https:\/\/www.mauritz.de\/blog\/fakra-steckverbinder\/#breadcrumb\"},\"inLanguage\":\"de\",\"potentialAction\":[{\"@type\":\"ReadAction\",\"target\":[\"https:\/\/www.mauritz.de\/blog\/fakra-steckverbinder\/\"]}]},{\"@type\":\"BreadcrumbList\",\"@id\":\"https:\/\/www.mauritz.de\/blog\/fakra-steckverbinder\/#breadcrumb\",\"itemListElement\":[{\"@type\":\"ListItem\",\"position\":1,\"name\":\"Startseite\",\"item\":\"https:\/\/www.mauritz.de\/blog\/\"},{\"@type\":\"ListItem\",\"position\":2,\"name\":\"FAKRA Steckverbinder\"}]},{\"@type\":\"WebSite\",\"@id\":\"https:\/\/www.mauritz.de\/blog\/#website\",\"url\":\"https:\/\/www.mauritz.de\/blog\/\",\"name\":\"Mauritz\",\"description\":\"Kabelkonfektion Steckverbinder Schrumpfschlauch Kabelbinder\",\"potentialAction\":[{\"@type\":\"SearchAction\",\"target\":{\"@type\":\"EntryPoint\",\"urlTemplate\":\"https:\/\/www.mauritz.de\/blog\/?s={search_term_string}\"},\"query-input\":\"required name=search_term_string\"}],\"inLanguage\":\"de\"},{\"@type\":\"Person\",\"@id\":\"https:\/\/www.mauritz.de\/blog\/#\/schema\/person\/bf9f1de5199065840478999bc949484a\",\"name\":\"Gerhard Mauritz\",\"image\":{\"@type\":\"ImageObject\",\"inLanguage\":\"de\",\"@id\":\"https:\/\/www.mauritz.de\/blog\/#\/schema\/person\/image\/\",\"url\":\"https:\/\/www.mauritz.de\/blog\/wp-content\/litespeed\/avatar\/ac454cb4bb35cfc949ba11db959d3857.jpg?ver=1777326513\",\"contentUrl\":\"https:\/\/www.mauritz.de\/blog\/wp-content\/litespeed\/avatar\/ac454cb4bb35cfc949ba11db959d3857.jpg?ver=1777326513\",\"caption\":\"Gerhard Mauritz\"},\"sameAs\":[\"http:\/\/www.mauritz.de\/blog\/\"]}]}<\/script>\n<!-- \/ Yoast SEO plugin. -->","yoast_head_json":{"title":"FAKRA Steckverbinder","description":"FAKRA Steckverbinder als FAKRA Stecker und FAKRA Buchse f\u00fcr Koaxialkabel wie RG 58, RG 223 und RG 174","robots":{"index":"index","follow":"follow","max-snippet":"max-snippet:-1","max-image-preview":"max-image-preview:large","max-video-preview":"max-video-preview:-1"},"canonical":"https:\/\/www.mauritz.de\/blog\/fakra-steckverbinder\/","twitter_misc":{"Verfasst von":"Gerhard Mauritz","Gesch\u00e4tzte Lesezeit":"1\u00a0Minute"},"schema":{"@context":"https:\/\/schema.org","@graph":[{"@type":"WebPage","@id":"https:\/\/www.mauritz.de\/blog\/fakra-steckverbinder\/","url":"https:\/\/www.mauritz.de\/blog\/fakra-steckverbinder\/","name":"FAKRA Steckverbinder","isPartOf":{"@id":"https:\/\/www.mauritz.de\/blog\/#website"},"datePublished":"2012-02-02T17:32:35+00:00","dateModified":"2015-12-30T12:30:30+00:00","author":{"@id":"https:\/\/www.mauritz.de\/blog\/#\/schema\/person\/bf9f1de5199065840478999bc949484a"},"description":"FAKRA Steckverbinder als FAKRA Stecker und FAKRA Buchse f\u00fcr Koaxialkabel wie RG 58, RG 223 und RG 174","breadcrumb":{"@id":"https:\/\/www.mauritz.de\/blog\/fakra-steckverbinder\/#breadcrumb"},"inLanguage":"de","potentialAction":[{"@type":"ReadAction","target":["https:\/\/www.mauritz.de\/blog\/fakra-steckverbinder\/"]}]},{"@type":"BreadcrumbList","@id":"https:\/\/www.mauritz.de\/blog\/fakra-steckverbinder\/#breadcrumb","itemListElement":[{"@type":"ListItem","position":1,"name":"Startseite","item":"https:\/\/www.mauritz.de\/blog\/"},{"@type":"ListItem","position":2,"name":"FAKRA Steckverbinder"}]},{"@type":"WebSite","@id":"https:\/\/www.mauritz.de\/blog\/#website","url":"https:\/\/www.mauritz.de\/blog\/","name":"Mauritz","description":"Kabelkonfektion Steckverbinder Schrumpfschlauch Kabelbinder","potentialAction":[{"@type":"SearchAction","target":{"@type":"EntryPoint","urlTemplate":"https:\/\/www.mauritz.de\/blog\/?s={search_term_string}"},"query-input":"required name=search_term_string"}],"inLanguage":"de"},{"@type":"Person","@id":"https:\/\/www.mauritz.de\/blog\/#\/schema\/person\/bf9f1de5199065840478999bc949484a","name":"Gerhard Mauritz","image":{"@type":"ImageObject","inLanguage":"de","@id":"https:\/\/www.mauritz.de\/blog\/#\/schema\/person\/image\/","url":"https:\/\/www.mauritz.de\/blog\/wp-content\/litespeed\/avatar\/ac454cb4bb35cfc949ba11db959d3857.jpg?ver=1777326513","contentUrl":"https:\/\/www.mauritz.de\/blog\/wp-content\/litespeed\/avatar\/ac454cb4bb35cfc949ba11db959d3857.jpg?ver=1777326513","caption":"Gerhard Mauritz"},"sameAs":["http:\/\/www.mauritz.de\/blog\/"]}]}},"_links":{"self":[{"href":"https:\/\/www.mauritz.de\/blog\/wp-json\/wp\/v2\/posts\/2476"}],"collection":[{"href":"https:\/\/www.mauritz.de\/blog\/wp-json\/wp\/v2\/posts"}],"about":[{"href":"https:\/\/www.mauritz.de\/blog\/wp-json\/wp\/v2\/types\/post"}],"author":[{"embeddable":true,"href":"https:\/\/www.mauritz.de\/blog\/wp-json\/wp\/v2\/users\/2"}],"replies":[{"embeddable":true,"href":"https:\/\/www.mauritz.de\/blog\/wp-json\/wp\/v2\/comments?post=2476"}],"version-history":[{"count":20,"href":"https:\/\/www.mauritz.de\/blog\/wp-json\/wp\/v2\/posts\/2476\/revisions"}],"predecessor-version":[{"id":3722,"href":"https:\/\/www.mauritz.de\/blog\/wp-json\/wp\/v2\/posts\/2476\/revisions\/3722"}],"wp:attachment":[{"href":"https:\/\/www.mauritz.de\/blog\/wp-json\/wp\/v2\/media?parent=2476"}],"wp:term":[{"taxonomy":"category","embeddable":true,"href":"https:\/\/www.mauritz.de\/blog\/wp-json\/wp\/v2\/categories?post=2476"},{"taxonomy":"post_tag","embeddable":true,"href":"https:\/\/www.mauritz.de\/blog\/wp-json\/wp\/v2\/tags?post=2476"}],"curies":[{"name":"wp","href":"https:\/\/api.w.org\/{rel}","templated":true}]}}